[{"@context":"https:\/\/schema.org\/","@type":"Article","@id":"https:\/\/www.na-dlani.cz\/venkovni-vanocni-osvetleni\/#Article","mainEntityOfPage":"https:\/\/www.na-dlani.cz\/venkovni-vanocni-osvetleni\/","headline":"Venkovn\u00ed v\u00e1no\u010dn\u00ed osv\u011btlen\u00ed","name":"Venkovn\u00ed v\u00e1no\u010dn\u00ed osv\u011btlen\u00ed","description":"Tak\u00e9 pat\u0159\u00edte k milovn\u00edk\u016fm r\u016fzn\u00fdch sv\u011bteln\u00fdch dekorac\u00ed, kter\u00fdmi se v dob\u011b adventn\u00ed rozz\u00e1\u0159\u00ed nejen v\u0161echna n\u00e1m\u011bst\u00ed a ulice ve m\u011bstech i v mal\u00fdch vesni\u010dk\u00e1ch, ale kter\u00e9 dok\u00e1\u017e\u00ed vytvo\u0159it romantickou v\u00e1no\u010dn\u00ed atmosf\u00e9ru i u v\u00e1s doma nebo kolem va\u0161eho domu na zahrad\u011b? Te\u010f je ten spr\u00e1vn\u00fd \u010das, kdy bychom si m\u011bli promyslet, jak\u00e9 v\u00e1no\u010dn\u00ed osv\u011btlen\u00ed b\u011bhem [&hellip;]","datePublished":"2023-04-27","dateModified":"2023-04-27","author":{"@type":"Person","@id":"https:\/\/www.na-dlani.cz\/author\/#Person","name":"na-dlani.cz\n","url":"https:\/\/www.na-dlani.cz\/author\/","identifier":1,"image":{"@type":"ImageObject","@id":"https:\/\/secure.gravatar.com\/avatar\/0dc285cbe86eecc8073f119fcb2e2c7032b51533f5bb47611c7d4a598558b8b7?s=96&d=mm&r=g","url":"https:\/\/secure.gravatar.com\/avatar\/0dc285cbe86eecc8073f119fcb2e2c7032b51533f5bb47611c7d4a598558b8b7?s=96&d=mm&r=g","height":96,"width":96}},"publisher":{"@type":"Organization","name":"na-dlani.cz","logo":{"@type":"ImageObject","@id":"\/logo.png","url":"\/logo.png","width":600,"height":60}},"url":"https:\/\/www.na-dlani.cz\/venkovni-vanocni-osvetleni\/","about":["Zbo\u017e\u00ed"],"wordCount":420,"articleBody":"Tak\u00e9 pat\u0159\u00edte k milovn\u00edk\u016fm r\u016fzn\u00fdch sv\u011bteln\u00fdch dekorac\u00ed, kter\u00fdmi se v dob\u011b adventn\u00ed rozz\u00e1\u0159\u00ed nejen v\u0161echna n\u00e1m\u011bst\u00ed a ulice ve m\u011bstech i v mal\u00fdch vesni\u010dk\u00e1ch, ale kter\u00e9 dok\u00e1\u017e\u00ed vytvo\u0159it romantickou v\u00e1no\u010dn\u00ed atmosf\u00e9ru i u v\u00e1s doma nebo kolem va\u0161eho domu na zahrad\u011b?Te\u010f je ten spr\u00e1vn\u00fd \u010das, kdy bychom si m\u011bli promyslet, jak\u00e9 v\u00e1no\u010dn\u00ed osv\u011btlen\u00ed b\u011bhem leto\u0161n\u00edch sv\u00e1tk\u016f pou\u017eijete. A jak\u00e9 jsou nejmodern\u011bj\u0161\u00ed a nejromanti\u010dt\u011bj\u0161\u00ed osv\u011btlen\u00ed, kter\u00e9 si m\u016f\u017eeme u prodejc\u016f objednat?Prodejci v sou\u010dasn\u00e9 dob\u011b nab\u00edzej\u00ed nejen \u0161irok\u00fd v\u00fdb\u011br r\u016fzn\u00fdch typ\u016f a barevn\u00fdch odst\u00edn\u016f venkovn\u00edho i vnit\u0159n\u00edho osv\u011btlen\u00ed, ale velk\u00e9 mno\u017estv\u00ed druh\u016f je i ekologicky \u0161etrn\u00e9 a spo\u0159iv\u00e9.\u00a0A z \u010deho si m\u016f\u017eeme vyb\u00edrat?\u00b7\u00a0\u00a0\u00a0\u00a0\u00a0\u00a0\u00a0\u00a0 LED \u0159et\u011bzy\u00b7\u00a0\u00a0\u00a0\u00a0\u00a0\u00a0\u00a0\u00a0 sv\u011bteln\u00e9 kabely\u00b7\u00a0\u00a0\u00a0\u00a0\u00a0\u00a0\u00a0\u00a0 v\u00e1no\u010dn\u00ed sv\u011bteln\u00e9 dekorace\u00b7\u00a0\u00a0\u00a0\u00a0\u00a0\u00a0\u00a0\u00a0 rampouchy\u00b7\u00a0\u00a0\u00a0\u00a0\u00a0\u00a0\u00a0\u00a0 sv\u011bteln\u00e9 de\u0161t\u011b\u00a0P\u0159i v\u00fdb\u011bru toho nejlep\u0161\u00edch v\u00e1no\u010dn\u00edch \u0159et\u011bz\u016f a sv\u011bteln\u00fdch kabel\u016f m\u016f\u017eete volit nejen mezi r\u016fzn\u00fdmi barvami, ale tak\u00e9 mezi d\u00e9lkami a po\u010dty vlo\u017een\u00fdch diod tak, aby nakoupen\u00e9 zbo\u017e\u00ed bylo co nejoptim\u00e1ln\u011bj\u0161\u00ed pro plochu, kterou chcete osv\u00edtit. Na v\u00fdb\u011br m\u00e1te i mezi mal\u00fdmi diodami, kter\u00e9 jsou uschovan\u00e9 nap\u0159\u00edklad v plastov\u00fdch hadic\u00edch nebo naopak m\u016f\u017eete zvolit v\u00fdrazn\u00e9 maxi diody o pr\u016fm\u011bru a\u017e 8 mm, kter\u00e9 nikdo opravdu nep\u0159ehl\u00e9dne. N\u011bkter\u00e1 osv\u011btlen\u00ed maj\u00ed i vlastn\u00ed \u010dasov\u00fd sp\u00edna\u010d, kter\u00fd v\u00e1m samoz\u0159ejm\u011b usnadn\u00ed ovl\u00e1d\u00e1n\u00ed zap\u00edn\u00e1n\u00ed i vyp\u00edn\u00e1n\u00ed. A z\u00e1rove\u0148 m\u016f\u017ee v\u00e1\u0161 d\u016fm n\u00e1dhern\u011b sv\u00edtit i v dob\u011b, kdy nejste doma.Mezi dal\u0161\u00edmi v\u00e1no\u010dn\u00edmi dekoracemi najdete i p\u0159ekr\u00e1sn\u00e9 prostorov\u00e9 dekorace. Zcela jist\u011b nejen kolemjdouc\u00ed, ale tak\u00e9 va\u0161e d\u011bti, ocen\u00ed, kdy\u017e jim bude ve v\u00e1no\u010dn\u00edm \u010dase sv\u00edtit na zahrad\u011b krom\u011b v\u00e1no\u010dn\u00edho stromku i san\u011b se soby nebo ledn\u00ed medv\u00eddek.Venkovn\u00ed v\u00e1no\u010dn\u00ed osv\u011btlen\u00ed ale nemus\u00ed \u010dekat a\u017e do p\u0159\u00ed\u0161t\u00edch V\u00e1noc na dal\u0161\u00ed p\u0159\u00edle\u017eitost. Vyu\u017e\u00edt je m\u016f\u017eete t\u0159eba i p\u0159i letn\u00ed slavnostn\u00ed party nebo i jen tak, p\u0159i romantick\u00e9m posezen\u00ed s va\u0161imi bl\u00edzk\u00fdmi na zahrad\u011b.\u00a0                                                                                                                                                                                                                                                                                                                                                                                        4.6\/5 - (5 votes)        "},{"@context":"https:\/\/schema.org\/","@type":"BreadcrumbList","itemListElement":[{"@type":"ListItem","position":1,"name":"Venkovn\u00ed v\u00e1no\u010dn\u00ed osv\u011btlen\u00ed","item":"https:\/\/www.na-dlani.cz\/venkovni-vanocni-osvetleni\/#breadcrumbitem"}]}]