{"@context":"https:\/\/schema.org\/","@type":"CollectionPage","@id":"https:\/\/www.na-dlani.cz\/sluzby\/#CollectionPage","headline":"Slu\u017eby Category","description":"","url":"https:\/\/www.na-dlani.cz\/sluzby\/","hasPart":[{"@type":"Article","@id":"https:\/\/www.na-dlani.cz\/k-cemu-nam-ibc-kontejnery-slouzi-napriklad-na-zahrade\/","headline":"K \u010demu n\u00e1m IBC kontejnery slou\u017e\u00ed nap\u0159\u00edklad na zahrad\u011b?","url":"https:\/\/www.na-dlani.cz\/k-cemu-nam-ibc-kontejnery-slouzi-napriklad-na-zahrade\/","datePublished":"2023-07-18","dateModified":"2023-12-13","mainEntityOfPage":"https:\/\/www.na-dlani.cz\/k-cemu-nam-ibc-kontejnery-slouzi-napriklad-na-zahrade\/","author":{"@type":"Person","@id":"https:\/\/www.na-dlani.cz\/author\/#Person","name":"na-dlani.cz\n","url":"https:\/\/www.na-dlani.cz\/author\/","identifier":1,"image":{"@type":"ImageObject","@id":"https:\/\/secure.gravatar.com\/avatar\/0dc285cbe86eecc8073f119fcb2e2c7032b51533f5bb47611c7d4a598558b8b7?s=96&d=mm&r=g","url":"https:\/\/secure.gravatar.com\/avatar\/0dc285cbe86eecc8073f119fcb2e2c7032b51533f5bb47611c7d4a598558b8b7?s=96&d=mm&r=g","height":96,"width":96}},"publisher":{"@type":"Organization","name":"na-dlani.cz","logo":{"@type":"ImageObject","@id":"\/logo.png","url":"\/logo.png","width":600,"height":60}},"image":{"@type":"ImageObject","@id":"https:\/\/www.na-dlani.cz\/wp-content\/uploads\/container-3859710_640_5.jpg","url":"https:\/\/www.na-dlani.cz\/wp-content\/uploads\/container-3859710_640_5.jpg","height":0,"width":0},"keywords":null},{"@type":"Article","@id":"https:\/\/www.na-dlani.cz\/co-charakterizuje-reklamni-predmety-s-potiskem\/","headline":"Co charakterizuje reklamn\u00ed p\u0159edm\u011bty s potiskem","url":"https:\/\/www.na-dlani.cz\/co-charakterizuje-reklamni-predmety-s-potiskem\/","datePublished":"2023-05-13","dateModified":"2023-05-13","mainEntityOfPage":"https:\/\/www.na-dlani.cz\/co-charakterizuje-reklamni-predmety-s-potiskem\/","author":{"@type":"Person","@id":"https:\/\/www.na-dlani.cz\/author\/#Person","name":"na-dlani.cz\n","url":"https:\/\/www.na-dlani.cz\/author\/","identifier":1,"image":{"@type":"ImageObject","@id":"https:\/\/secure.gravatar.com\/avatar\/0dc285cbe86eecc8073f119fcb2e2c7032b51533f5bb47611c7d4a598558b8b7?s=96&d=mm&r=g","url":"https:\/\/secure.gravatar.com\/avatar\/0dc285cbe86eecc8073f119fcb2e2c7032b51533f5bb47611c7d4a598558b8b7?s=96&d=mm&r=g","height":96,"width":96}},"publisher":{"@type":"Organization","name":"na-dlani.cz","logo":{"@type":"ImageObject","@id":"\/logo.png","url":"\/logo.png","width":600,"height":60}},"image":{"@type":"ImageObject","@id":"https:\/\/www.na-dlani.cz\/wp-content\/uploads\/rekpredmet1.jpg","url":"https:\/\/www.na-dlani.cz\/wp-content\/uploads\/rekpredmet1.jpg","height":0,"width":0},"keywords":null},{"@type":"Article","@id":"https:\/\/www.na-dlani.cz\/zatepleni-domu-by-melo-zacit-od-strechy\/","headline":"Zateplen\u00ed domu by m\u011blo za\u010d\u00edt od st\u0159echy","url":"https:\/\/www.na-dlani.cz\/zatepleni-domu-by-melo-zacit-od-strechy\/","datePublished":"2023-04-27","dateModified":"2023-04-27","mainEntityOfPage":"https:\/\/www.na-dlani.cz\/zatepleni-domu-by-melo-zacit-od-strechy\/","author":{"@type":"Person","@id":"https:\/\/www.na-dlani.cz\/author\/#Person","name":"na-dlani.cz\n","url":"https:\/\/www.na-dlani.cz\/author\/","identifier":1,"image":{"@type":"ImageObject","@id":"https:\/\/secure.gravatar.com\/avatar\/0dc285cbe86eecc8073f119fcb2e2c7032b51533f5bb47611c7d4a598558b8b7?s=96&d=mm&r=g","url":"https:\/\/secure.gravatar.com\/avatar\/0dc285cbe86eecc8073f119fcb2e2c7032b51533f5bb47611c7d4a598558b8b7?s=96&d=mm&r=g","height":96,"width":96}},"publisher":{"@type":"Organization","name":"na-dlani.cz","logo":{"@type":"ImageObject","@id":"\/logo.png","url":"\/logo.png","width":600,"height":60}},"image":null,"keywords":null},{"@type":"Article","@id":"https:\/\/www.na-dlani.cz\/sluzba-pro-zdravi-a-relaxaci\/","headline":"Slu\u017eba pro zdrav\u00ed a relaxaci","url":"https:\/\/www.na-dlani.cz\/sluzba-pro-zdravi-a-relaxaci\/","datePublished":"2023-04-27","dateModified":"2023-04-27","mainEntityOfPage":"https:\/\/www.na-dlani.cz\/sluzba-pro-zdravi-a-relaxaci\/","author":{"@type":"Person","@id":"https:\/\/www.na-dlani.cz\/author\/#Person","name":"na-dlani.cz\n","url":"https:\/\/www.na-dlani.cz\/author\/","identifier":1,"image":{"@type":"ImageObject","@id":"https:\/\/secure.gravatar.com\/avatar\/0dc285cbe86eecc8073f119fcb2e2c7032b51533f5bb47611c7d4a598558b8b7?s=96&d=mm&r=g","url":"https:\/\/secure.gravatar.com\/avatar\/0dc285cbe86eecc8073f119fcb2e2c7032b51533f5bb47611c7d4a598558b8b7?s=96&d=mm&r=g","height":96,"width":96}},"publisher":{"@type":"Organization","name":"na-dlani.cz","logo":{"@type":"ImageObject","@id":"\/logo.png","url":"\/logo.png","width":600,"height":60}},"image":null,"keywords":null},{"@type":"Article","@id":"https:\/\/www.na-dlani.cz\/uzivejte-si-skvele-letni-chvilky-v-ciste-a-pruzracne-vode\/","headline":"U\u017e\u00edvejte si skv\u011bl\u00e9 letn\u00ed chvilky v \u010dist\u00e9 a pr\u016fzra\u010dn\u00e9 vod\u011b","url":"https:\/\/www.na-dlani.cz\/uzivejte-si-skvele-letni-chvilky-v-ciste-a-pruzracne-vode\/","datePublished":"2023-04-27","dateModified":"2023-04-27","mainEntityOfPage":"https:\/\/www.na-dlani.cz\/uzivejte-si-skvele-letni-chvilky-v-ciste-a-pruzracne-vode\/","author":{"@type":"Person","@id":"https:\/\/www.na-dlani.cz\/author\/#Person","name":"na-dlani.cz\n","url":"https:\/\/www.na-dlani.cz\/author\/","identifier":1,"image":{"@type":"ImageObject","@id":"https:\/\/secure.gravatar.com\/avatar\/0dc285cbe86eecc8073f119fcb2e2c7032b51533f5bb47611c7d4a598558b8b7?s=96&d=mm&r=g","url":"https:\/\/secure.gravatar.com\/avatar\/0dc285cbe86eecc8073f119fcb2e2c7032b51533f5bb47611c7d4a598558b8b7?s=96&d=mm&r=g","height":96,"width":96}},"publisher":{"@type":"Organization","name":"na-dlani.cz","logo":{"@type":"ImageObject","@id":"\/logo.png","url":"\/logo.png","width":600,"height":60}},"image":null,"keywords":null}]}