[{"@context":"https:\/\/schema.org\/","@type":"Article","@id":"https:\/\/www.na-dlani.cz\/kdy-do-duchodu\/#Article","mainEntityOfPage":"https:\/\/www.na-dlani.cz\/kdy-do-duchodu\/","headline":"Kdy do d\u016fchodu","name":"Kdy do d\u016fchodu","description":"Je pravda, \u017ee v posledn\u00edch letech, se den, kdy do d\u016fchodu nakonec odejdeme, st\u00e1le oddaluje. V\u011b\u0159me, \u017ee na\u0161i politici a lid\u00e9, kte\u0159\u00ed v tomto maj\u00ed prsty v\u011bd\u00ed, co d\u011blaj\u00ed. Nicm\u00e9n\u011b, d\u00edky t\u011bmto \u010dachr\u016fm mnoho z n\u00e1s stoj\u00ed na \u0161ikm\u00e9 plo\u0161in\u011b a nen\u00ed si jisto v\u016fbec v ni\u010dem. P\u0159ed\u010dasn\u00fd d\u016fchod Nev\u011bd\u00ed p\u0159ed\u010dasn\u00fd d\u016fchod p\u016fjdou, nev\u011bd\u00ed, kolik [&hellip;]","datePublished":"2025-03-14","dateModified":"2025-03-14","author":{"@type":"Person","@id":"https:\/\/www.na-dlani.cz\/author\/#Person","name":"na-dlani.cz\n","url":"https:\/\/www.na-dlani.cz\/author\/","identifier":1,"image":{"@type":"ImageObject","@id":"https:\/\/secure.gravatar.com\/avatar\/0dc285cbe86eecc8073f119fcb2e2c7032b51533f5bb47611c7d4a598558b8b7?s=96&d=mm&r=g","url":"https:\/\/secure.gravatar.com\/avatar\/0dc285cbe86eecc8073f119fcb2e2c7032b51533f5bb47611c7d4a598558b8b7?s=96&d=mm&r=g","height":96,"width":96}},"publisher":{"@type":"Organization","name":"na-dlani.cz","logo":{"@type":"ImageObject","@id":"\/logo.png","url":"\/logo.png","width":600,"height":60}},"url":"https:\/\/www.na-dlani.cz\/kdy-do-duchodu\/","wordCount":197,"articleBody":"Je pravda, \u017ee v posledn\u00edch letech, se den, kdy do d\u016fchodu nakonec odejdeme, st\u00e1le oddaluje. V\u011b\u0159me, \u017ee na\u0161i politici a lid\u00e9, kte\u0159\u00ed v tomto maj\u00ed prsty v\u011bd\u00ed, co d\u011blaj\u00ed. Nicm\u00e9n\u011b, d\u00edky t\u011bmto \u010dachr\u016fm mnoho z n\u00e1s stoj\u00ed na \u0161ikm\u00e9 plo\u0161in\u011b a nen\u00ed si jisto v\u016fbec v ni\u010dem.P\u0159ed\u010dasn\u00fd d\u016fchodNev\u011bd\u00ed p\u0159ed\u010dasn\u00fd d\u016fchod p\u016fjdou, nev\u011bd\u00ed, kolik v tomto obdob\u00ed budou za sv\u00e1 t\u011b\u017ece odpracovan\u00e1 l\u00e9ta dost\u00e1vat a tak d\u00e1le a tak d\u00e1le. Nen\u00ed nic p\u0159\u00edjemn\u00e9ho, \u017e\u00edt v takov\u00e9 nejistot\u011b, a proto se nev\u00e1hejte obr\u00e1tit na spole\u010dnost, kter\u00e1 se p\u0159esn\u00fdmi kalkulacemi t\u011bchto \u010d\u00edsel doslova \u017eiv\u00ed a zab\u00fdv\u00e1.\u017divot za\u010d\u00edn\u00e1 v d\u016fchodu!\u017de je v\u00e1m tohle heslo pov\u011bdom\u00e9? Jist\u011b pramen\u00ed z \u00fast n\u011bjak\u00e9ho holandsk\u00e9ho d\u016fchodce (m\u00edsto \u201eholandsk\u00e9ho\u201c si prakticky m\u016f\u017eete dosadit kter\u00e9koliv p\u0159\u00eddavn\u00e9 jm\u00e9no ozna\u010duj\u00edc\u00ed ciz\u00ed zemi). P\u0159esta\u0148te se pt\u00e1t Kdy do d\u016fchodu, za\u010dn\u011bte pl\u00e1novat, co v n\u011bm!                                                                                                                                                                                                                                                                                                                                                                                                "},{"@context":"https:\/\/schema.org\/","@type":"BreadcrumbList","itemListElement":[{"@type":"ListItem","position":1,"name":"Kdy do d\u016fchodu","item":"https:\/\/www.na-dlani.cz\/kdy-do-duchodu\/#breadcrumbitem"}]}]