[{"@context":"https:\/\/schema.org\/","@type":"Article","@id":"https:\/\/www.na-dlani.cz\/je-toto-mozne\/#Article","mainEntityOfPage":"https:\/\/www.na-dlani.cz\/je-toto-mozne\/","headline":"Je toto mo\u017en\u00e9?","name":"Je toto mo\u017en\u00e9?","description":"Z kr\u00e1tk\u00fdch dlouh\u00e9? Z \u0159\u00eddk\u00fdch hust\u00e9? Je to v\u016fbec mo\u017en\u00e9? A o \u010dem se tady mluv\u00ed? Nemluv\u00edme tady o ni\u010dem jin\u00e9m, ne\u017e o vlasech. Dlouh\u00fdch, hust\u00fdch a na pohled zdrav\u00fdch kade\u0159\u00edch. Ale jak toho dos\u00e1hnout, kdy\u017e ne p\u0159\u00edrodn\u00ed cestou? Nosit paruku? To je jedin\u00e9 \u0159e\u0161en\u00ed? Ale v\u016fbec ne. Pokud nejste se sv\u00fdmi kade\u0159emi spokojena, m\u016f\u017eete [&hellip;]","datePublished":"2025-03-06","dateModified":"2025-03-06","author":{"@type":"Person","@id":"https:\/\/www.na-dlani.cz\/author\/#Person","name":"na-dlani.cz\n","url":"https:\/\/www.na-dlani.cz\/author\/","identifier":1,"image":{"@type":"ImageObject","@id":"https:\/\/secure.gravatar.com\/avatar\/0dc285cbe86eecc8073f119fcb2e2c7032b51533f5bb47611c7d4a598558b8b7?s=96&d=mm&r=g","url":"https:\/\/secure.gravatar.com\/avatar\/0dc285cbe86eecc8073f119fcb2e2c7032b51533f5bb47611c7d4a598558b8b7?s=96&d=mm&r=g","height":96,"width":96}},"publisher":{"@type":"Organization","name":"na-dlani.cz","logo":{"@type":"ImageObject","@id":"\/logo.png","url":"\/logo.png","width":600,"height":60}},"url":"https:\/\/www.na-dlani.cz\/je-toto-mozne\/","wordCount":170,"articleBody":"Z kr\u00e1tk\u00fdch dlouh\u00e9? Z \u0159\u00eddk\u00fdch hust\u00e9? Je to v\u016fbec mo\u017en\u00e9? A o \u010dem se tady mluv\u00ed? Nemluv\u00edme tady o ni\u010dem jin\u00e9m, ne\u017e o vlasech. Dlouh\u00fdch, hust\u00fdch a na pohled zdrav\u00fdch kade\u0159\u00edch. Ale jak toho dos\u00e1hnout, kdy\u017e ne p\u0159\u00edrodn\u00ed cestou? Nosit paruku? To je jedin\u00e9 \u0159e\u0161en\u00ed? Ale v\u016fbec ne. Pokud nejste se sv\u00fdmi kade\u0159emi spokojena, m\u016f\u017eete ud\u011blat radik\u00e1ln\u00ed zm\u011bnu. Sta\u010d\u00ed nav\u0161t\u00edvit n\u00e1\u0161 salon a vyu\u017e\u00edt slu\u017eeb prodlu\u017eov\u00e1n\u00ed vlas\u016f v Praze. Tajemstv\u00ed Va\u0161i zn\u00e1m\u00ed se budou divit, jak v\u00e1m mohla za tak kr\u00e1tkou dobu nar\u016fst takov\u00e1 h\u0159\u00edva. Nech\u00e1te si tajemstv\u00ed pro sebe nebo jim prozrad\u00edte co stoj\u00ed za va\u0161\u00ed prom\u011bnou? To u\u017e nech\u00e1me na v\u00e1s. My jsme tady od toho abychom tuto dokonalou prom\u011bnu zrealizovali k va\u0161\u00ed spokojenosti. A tak\u00e9 ke spokojenosti va\u0161\u00ed pen\u011b\u017eenky. Na\u0161e ceny jsou prost\u011b skv\u011bl\u00e9.                                                                                                                                                                                                                                                                                                                                                                                                "},{"@context":"https:\/\/schema.org\/","@type":"BreadcrumbList","itemListElement":[{"@type":"ListItem","position":1,"name":"Je toto mo\u017en\u00e9?","item":"https:\/\/www.na-dlani.cz\/je-toto-mozne\/#breadcrumbitem"}]}]