[{"@context":"https:\/\/schema.org\/","@type":"Article","@id":"https:\/\/www.na-dlani.cz\/je-to-jen-v-nasi-hlave\/#Article","mainEntityOfPage":"https:\/\/www.na-dlani.cz\/je-to-jen-v-nasi-hlave\/","headline":"Je to jen v na\u0161\u00ed hlav\u011b","name":"Je to jen v na\u0161\u00ed hlav\u011b","description":"A\u017e neuv\u011b\u0159iteln\u00e9 se m\u016f\u017ee zd\u00e1t, \u017ee b\u011bhem jedin\u00e9 noci n\u00e1m hlavou projde a\u017e na deset sn\u016f. Bohu\u017eel jen m\u00e1lokdy si z\u00a0n\u011bj n\u011bkdo z\u00a0n\u00e1s n\u011bco zapamatuje, n\u011bkdy naopak dok\u00e1\u017ee b\u00fdt sen a\u017e tak siln\u00fd, \u017ee po probuzen\u00ed si hned nedok\u00e1\u017eeme srovnat v\u00a0hlav\u011b, jestli to byl opravdu jen sen nebo skute\u010dnost. I kdy\u017e t\u011blo b\u011bhem sp\u00e1nku odpo\u010d\u00edv\u00e1 [&hellip;]","datePublished":"2018-06-07","dateModified":"2023-04-27","author":{"@type":"Person","@id":"https:\/\/www.na-dlani.cz\/author\/#Person","name":"na-dlani.cz\n","url":"https:\/\/www.na-dlani.cz\/author\/","identifier":1,"image":{"@type":"ImageObject","@id":"https:\/\/secure.gravatar.com\/avatar\/0dc285cbe86eecc8073f119fcb2e2c7032b51533f5bb47611c7d4a598558b8b7?s=96&d=mm&r=g","url":"https:\/\/secure.gravatar.com\/avatar\/0dc285cbe86eecc8073f119fcb2e2c7032b51533f5bb47611c7d4a598558b8b7?s=96&d=mm&r=g","height":96,"width":96}},"publisher":{"@type":"Organization","name":"na-dlani.cz","logo":{"@type":"ImageObject","@id":"\/logo.png","url":"\/logo.png","width":600,"height":60}},"image":{"@type":"ImageObject","@id":"https:\/\/www.na-dlani.cz\/wp-content\/uploads\/img_a320363_w1738_t1531644823.jpg","url":"https:\/\/www.na-dlani.cz\/wp-content\/uploads\/img_a320363_w1738_t1531644823.jpg","height":0,"width":0},"url":"https:\/\/www.na-dlani.cz\/je-to-jen-v-nasi-hlave\/","about":["Hobby"],"wordCount":445,"articleBody":"A\u017e neuv\u011b\u0159iteln\u00e9 se m\u016f\u017ee zd\u00e1t, \u017ee b\u011bhem jedin\u00e9 noci n\u00e1m hlavou projde a\u017e na deset sn\u016f. Bohu\u017eel jen m\u00e1lokdy si z\u00a0n\u011bj n\u011bkdo z\u00a0n\u00e1s n\u011bco zapamatuje, n\u011bkdy naopak dok\u00e1\u017ee b\u00fdt sen a\u017e tak siln\u00fd, \u017ee po probuzen\u00ed si hned nedok\u00e1\u017eeme srovnat v\u00a0hlav\u011b, jestli to byl opravdu jen sen nebo skute\u010dnost. I kdy\u017e t\u011blo b\u011bhem sp\u00e1nku odpo\u010d\u00edv\u00e1 a regeneruje, hlava pracuje d\u00e1l a vytv\u00e1\u0159\u00ed sny, a je tomu tak po cel\u00fd n\u00e1\u0161 \u017eivot.V\u011bdci se sna\u017e\u00ed ji\u017e l\u00e9ta p\u0159ij\u00edt sn\u016fm na kloub. To, \u017ee se sny prom\u00edtaj\u00ed jen a jen v\u00a0na\u0161\u00ed mysli, dob\u0159e v\u00edme. Nej\u010dast\u011bj\u0161\u00ed jsou ty sny, kter\u00e9 se odehr\u00e1vaj\u00ed mimo realitu. Tomu, kdo nepro\u017e\u00edv\u00e1 zrovna klidn\u00e9 obdob\u00ed ve sv\u00e9m \u017eivot\u011b, se za odm\u011bnu mohou zd\u00e1t sny p\u0159\u00edjemn\u00e9 a kr\u00e1sn\u00e9, pln\u00e9 pohody. Takov\u00e9to sny pak p\u016fsob\u00ed velice dob\u0159e na psychiku. Opakem pak mohou b\u00fdt sny zl\u00e9, kter\u00e9 jsou protip\u00f3lem bezstarostn\u00e9ho a \u0161\u0165astn\u00e9ho re\u00e1ln\u00e9ho \u017eivota.Sp\u00e1nek je d\u016fle\u017eitou sou\u010d\u00e1st\u00ed dne, je d\u016fle\u017eit\u00fd proto, aby na\u0161e hlava fungovala jak m\u00e1, aby n\u00e1m to p\u0159em\u00fd\u0161lelo a abychom nezapom\u00ednali. B\u011bhem sn\u011bn\u00ed n\u00e1\u0161 mozek zpracov\u00e1v\u00e1 pro\u017eit\u00e9 chv\u00edle za posledn\u00edch \u010dty\u0159icet osm hodin a ukl\u00e1d\u00e1 je hluboko do na\u0161\u00ed pam\u011bti.Jsou dny, kdy nev\u00edte co d\u0159\u00edv a m\u00e1te hlavu plnou starost\u00ed. To posledn\u00ed na co m\u00e1te my\u0161lenky, je sp\u00e1nek. Jen\u017ee zrovna ten by byl t\u00edm ide\u00e1ln\u00edm, co byste m\u011bli ud\u011blat. B\u011bhem span\u00ed se v\u00a0na\u0161\u00ed hlav\u011b d\u011bje proces, d\u00edky kter\u00e9mu se my\u0161lenky ut\u0159\u00edd\u00ed a r\u00e1no pak budete m\u00edt na sv\u016fj probl\u00e9m jin\u00fd n\u00e1hled. Nadarmo u\u017e na\u0161i p\u0159edci ne\u0159\u00edkali \u201er\u00e1no moud\u0159ej\u0161\u00ed ve\u010dera\u201c.Mo\u017en\u00e1 jste ve sv\u00fdch snech p\u0159ekvapeni t\u00edm, \u017ee jste tam \u00fast\u0159edn\u00ed postavou. Bude to z\u0159ejm\u011b t\u00edm, \u017ee se v\u00a0nich odr\u00e1\u017e\u00ed to, co si p\u0159ejete a po \u010dem tou\u017e\u00edte, tedy to, co v\u00a0re\u00e1ln\u00e9m \u017eivot\u011b hled\u00e1te nebo postr\u00e1d\u00e1te. Prost\u011b sen je v\u00a0tu chv\u00edli takov\u00e9 va\u0161e soukrom\u00e9 prom\u00edt\u00e1n\u00ed vlastn\u00edho filmu.U d\u011bt\u00ed se n\u011bkdy m\u016f\u017ee st\u00e1t, \u017ee je probud\u00ed zl\u00fd sen. Zat\u00edm nen\u00ed jasn\u00e9, pro\u010d se tomu tak ned\u011bje i u dosp\u011bl\u00fdch.                                                                                                                                                                                                                                                                                                                                                                                        5\/5 - (3 votes)        "},{"@context":"https:\/\/schema.org\/","@type":"BreadcrumbList","itemListElement":[{"@type":"ListItem","position":1,"name":"Je to jen v na\u0161\u00ed hlav\u011b","item":"https:\/\/www.na-dlani.cz\/je-to-jen-v-nasi-hlave\/#breadcrumbitem"}]}]